{"id":783,"date":"2017-01-03T12:06:16","date_gmt":"2017-01-03T11:06:16","guid":{"rendered":"https:\/\/www.miag.ch\/blogfreitagsclub\/?p=783"},"modified":"2017-01-26T22:27:28","modified_gmt":"2017-01-26T21:27:28","slug":"energiepolitik-situationsanalyse","status":"publish","type":"post","link":"https:\/\/www.miag.ch\/blogfreitagsclub\/?p=783","title":{"rendered":"Energiepolitik &#8211; Situationsanalyse"},"content":{"rendered":"<p><span style=\"color: #170000; font-family: Arial Unicode MS; font-size: small;\">Das Energiegesetz, mit weitreichenden \u00c4nderungen in unserer Gesellschaft und mit Kostenfolge in Milliardenh\u00f6he, sollte am Volk vorbei geschleust werden.<\/span><\/p>\n<p><span style=\"color: #170000; font-family: Arial Unicode MS; font-size: small;\">Dies ist einer Demokratie unw\u00fcrdig. Ich habe deshalb auch Unterschriften f\u00fcr das Referendum gesammelt.<\/span><\/p>\n<p><span style=\"color: #170000; font-family: Arial Unicode MS; font-size: small;\">Nach meinen Kontakten zum Thema kann man die B\u00fcrger in die folgenden Gruppen unterteilen:<\/span><\/p>\n<p><span style=\"color: #170000; font-family: Arial Unicode MS; font-size: small;\">Die Informierten, die Gleichg\u00fcltigen, die Atomge\u00e4ngstigten und die Einkassierer.<\/span><\/p>\n<p><a href=\"http:\/\/www.miag.ch\/freitagsclub\/blogbeitraege4\/056energiepolitik_situationsanalyse.pdf\"><span style=\"color: #009933; font-family: Arial Unicode MS; font-size: small;\"><strong>Lesen Sie die Analyse<\/strong>.<\/span><\/a><\/p>\n<p><span style=\"color: #170000; font-family: Arial Unicode MS; font-size: small;\">Das Referendum ist zustande gekommen.<\/span><\/p>\n<p><span style=\"color: #170000; font-family: Arial Unicode MS; font-size: small;\">Das Energiegesetz ist unrealisierbar, ja utopisch. Es will den Energieverbrauch um 43 % senken (bei stark wachsender Bev\u00f6lkerungszahl), will den Verbrauch von \u00d6l verbieten, sieht eine gigantische Subventionswirtschaft vor, und postuliert gar ein Technologieverbot.<br \/>\n<\/span><\/p>\n<p><span style=\"color: #170000; font-family: Arial Unicode MS; font-size: small;\"><span style=\"color: #170000; font-family: Arial Unicode MS; font-size: small;\">Das Gesetz muss abgelehnt werden.<\/span><\/span><span style=\"color: #170000; font-family: Arial Unicode MS; font-size: small;\">\u00a0<\/span><\/p>\n<p><span style=\"color: #170000; font-family: Arial Unicode MS; font-size: small;\">Ka E.<\/span><\/p>\n","protected":false},"excerpt":{"rendered":"<p>Das Energiegesetz, mit weitreichenden \u00c4nderungen in unserer Gesellschaft und mit Kostenfolge in Milliardenh\u00f6he, sollte am Volk vorbei geschleust werden. Dies ist einer Demokratie unw\u00fcrdig. Ich habe deshalb auch Unterschriften f\u00fcr das Referendum gesammelt. Nach meinen Kontakten zum Thema kann man die B\u00fcrger in die folgenden Gruppen unterteilen: Die Informierten, die Gleichg\u00fcltigen, die Atomge\u00e4ngstigten und die [&hellip;]<\/p>\n","protected":false},"author":2,"featured_media":0,"comment_status":"open","ping_status":"closed","sticky":false,"template":"","format":"standard","meta":{"footnotes":""},"categories":[62],"tags":[8,15,11,7,17,16,12],"class_list":["post-783","post","type-post","status-publish","format-standard","hentry","category-energiepolitik","tag-atomausstieg","tag-energiediskussion","tag-energiepolitik","tag-energiewende","tag-windkraft","tag-windrader","tag-windturbinen"],"_links":{"self":[{"href":"https:\/\/www.miag.ch\/blogfreitagsclub\/index.php?rest_route=\/wp\/v2\/posts\/783","targetHints":{"allow":["GET"]}}],"collection":[{"href":"https:\/\/www.miag.ch\/blogfreitagsclub\/index.php?rest_route=\/wp\/v2\/posts"}],"about":[{"href":"https:\/\/www.miag.ch\/blogfreitagsclub\/index.php?rest_route=\/wp\/v2\/types\/post"}],"author":[{"embeddable":true,"href":"https:\/\/www.miag.ch\/blogfreitagsclub\/index.php?rest_route=\/wp\/v2\/users\/2"}],"replies":[{"embeddable":true,"href":"https:\/\/www.miag.ch\/blogfreitagsclub\/index.php?rest_route=%2Fwp%2Fv2%2Fcomments&post=783"}],"version-history":[{"count":10,"href":"https:\/\/www.miag.ch\/blogfreitagsclub\/index.php?rest_route=\/wp\/v2\/posts\/783\/revisions"}],"predecessor-version":[{"id":811,"href":"https:\/\/www.miag.ch\/blogfreitagsclub\/index.php?rest_route=\/wp\/v2\/posts\/783\/revisions\/811"}],"wp:attachment":[{"href":"https:\/\/www.miag.ch\/blogfreitagsclub\/index.php?rest_route=%2Fwp%2Fv2%2Fmedia&parent=783"}],"wp:term":[{"taxonomy":"category","embeddable":true,"href":"https:\/\/www.miag.ch\/blogfreitagsclub\/index.php?rest_route=%2Fwp%2Fv2%2Fcategories&post=783"},{"taxonomy":"post_tag","embeddable":true,"href":"https:\/\/www.miag.ch\/blogfreitagsclub\/index.php?rest_route=%2Fwp%2Fv2%2Ftags&post=783"}],"curies":[{"name":"wp","href":"https:\/\/api.w.org\/{rel}","templated":true}]}}