{"id":777,"date":"2016-11-05T15:31:34","date_gmt":"2016-11-05T14:31:34","guid":{"rendered":"https:\/\/www.miag.ch\/blogfreitagsclub\/?p=777"},"modified":"2016-11-05T15:31:34","modified_gmt":"2016-11-05T14:31:34","slug":"atomausstieg-nein","status":"publish","type":"post","link":"https:\/\/www.miag.ch\/blogfreitagsclub\/?p=777","title":{"rendered":"Atomausstieg &#8211; Nein"},"content":{"rendered":"<div><span style=\"font-size: small\">Liebe an Energiefragen-Interessierte<\/span><\/div>\n<div><\/div>\n<div><span style=\"font-size: small\">Die Atomausstiegsinitiative muss abgelehnt werden. Erstmals kann das Volk zur Energiepolitik seine Meinung \u00e4ussern. Nach langj\u00e4hriger intensiver\u00a0Beeinflussung durch die zust\u00e4ndige Bundesr\u00e4tin, das Bundesamt f\u00fcr Energie und anderer in dessen Diensten.<\/span><\/div>\n<div><\/div>\n<div><span style=\"font-size: small\">Eine Annahme der Initiative h\u00e4tte\u00a0eine unsichere Energieversorgung in unserem Lande zur Folge. Strom\u00a0 &#8211; wegen des Bev\u00f6lkerungswachstums immer mehr\u00a0&#8211;\u00a0 m\u00fcsste aus ausl\u00e4ndischen Kohle- (oder Atom-) Kraftwerken bezogen werden. Oder es m\u00fcssten solche in unserem Lande gebaut werden. Die CO2-Produktion w\u00fcrde ansteigen statt sinken. Die Klimaziele w\u00fcrden nie erreicht werden.<\/span><\/div>\n<div><\/div>\n<div><span style=\"font-size: small\">Nehmen Sie sich ein bisschen Zeit und lesen Sie den Brief, den ich\u00a0einem Freund, ehemals Redaktor einer bekannten Tageszeitung, geschrieben und im Blog des Freitagsclub publiziert habe.<\/span><\/div>\n<div><\/div>\n<div><span style=\"font-size: small\">Oder gehen Sie direkt auf &#8222;<a href=\"http:\/\/www.miag.ch\/freitagsclub\/blogbeitraege3\/053die_geschichte.pdf\" target=\"_blank\">Die Geschichte<\/a>&#8222;<\/span><\/div>\n<div><\/div>\n<div><span style=\"font-size: small\">Freundliche Gr\u00fcsse<\/span><\/div>\n<div><\/div>\n<div>Ka E.<\/div>\n","protected":false},"excerpt":{"rendered":"<p>Liebe an Energiefragen-Interessierte Die Atomausstiegsinitiative muss abgelehnt werden. Erstmals kann das Volk zur Energiepolitik seine Meinung \u00e4ussern. Nach langj\u00e4hriger intensiver\u00a0Beeinflussung durch die zust\u00e4ndige Bundesr\u00e4tin, das Bundesamt f\u00fcr Energie und anderer in dessen Diensten. Eine Annahme der Initiative h\u00e4tte\u00a0eine unsichere Energieversorgung in unserem Lande zur Folge. Strom\u00a0 &#8211; wegen des Bev\u00f6lkerungswachstums immer mehr\u00a0&#8211;\u00a0 m\u00fcsste aus ausl\u00e4ndischen [&hellip;]<\/p>\n","protected":false},"author":2,"featured_media":0,"comment_status":"open","ping_status":"closed","sticky":false,"template":"","format":"standard","meta":{"footnotes":""},"categories":[62],"tags":[8,15,11,7],"class_list":["post-777","post","type-post","status-publish","format-standard","hentry","category-energiepolitik","tag-atomausstieg","tag-energiediskussion","tag-energiepolitik","tag-energiewende"],"_links":{"self":[{"href":"https:\/\/www.miag.ch\/blogfreitagsclub\/index.php?rest_route=\/wp\/v2\/posts\/777","targetHints":{"allow":["GET"]}}],"collection":[{"href":"https:\/\/www.miag.ch\/blogfreitagsclub\/index.php?rest_route=\/wp\/v2\/posts"}],"about":[{"href":"https:\/\/www.miag.ch\/blogfreitagsclub\/index.php?rest_route=\/wp\/v2\/types\/post"}],"author":[{"embeddable":true,"href":"https:\/\/www.miag.ch\/blogfreitagsclub\/index.php?rest_route=\/wp\/v2\/users\/2"}],"replies":[{"embeddable":true,"href":"https:\/\/www.miag.ch\/blogfreitagsclub\/index.php?rest_route=%2Fwp%2Fv2%2Fcomments&post=777"}],"version-history":[{"count":1,"href":"https:\/\/www.miag.ch\/blogfreitagsclub\/index.php?rest_route=\/wp\/v2\/posts\/777\/revisions"}],"predecessor-version":[{"id":778,"href":"https:\/\/www.miag.ch\/blogfreitagsclub\/index.php?rest_route=\/wp\/v2\/posts\/777\/revisions\/778"}],"wp:attachment":[{"href":"https:\/\/www.miag.ch\/blogfreitagsclub\/index.php?rest_route=%2Fwp%2Fv2%2Fmedia&parent=777"}],"wp:term":[{"taxonomy":"category","embeddable":true,"href":"https:\/\/www.miag.ch\/blogfreitagsclub\/index.php?rest_route=%2Fwp%2Fv2%2Fcategories&post=777"},{"taxonomy":"post_tag","embeddable":true,"href":"https:\/\/www.miag.ch\/blogfreitagsclub\/index.php?rest_route=%2Fwp%2Fv2%2Ftags&post=777"}],"curies":[{"name":"wp","href":"https:\/\/api.w.org\/{rel}","templated":true}]}}