{"id":430,"date":"2014-12-02T09:04:30","date_gmt":"2014-12-02T08:04:30","guid":{"rendered":"https:\/\/www.miag.ch\/blogfreitagsclub\/?p=430"},"modified":"2018-11-01T21:25:02","modified_gmt":"2018-11-01T20:25:02","slug":"energiewende-macht-sie-sinn","status":"publish","type":"post","link":"https:\/\/www.miag.ch\/blogfreitagsclub\/?p=430","title":{"rendered":"Energiewende: macht sie Sinn?"},"content":{"rendered":"<p>Leserbrief an die BaZ :<\/p>\n<p><strong>Gegen Natur und Umwelt gerichtet und mit immensem wirtschaftlichem Schadenspotential <\/strong><\/p>\n<p>Der aufschlussreiche Artikel \u2018In der Traumfabrik\u2018 zeigt allen aufmerksamen Leserinnen und Lesern klar: Die bundesr\u00e4tliche Botschaft zur bevorstehenden Debatte im Nationalrat \u00fcber die Energiestrategie 2050 ist prim\u00e4r Ausfluss eines ideologischen Sektierertums, der Ignoranz und Profitgier. Das sind schlechteste Voraussetzungen f\u00fcr eine Weichenstellung, die insbesondere f\u00fcr die Schweiz unserer Nachkommen in jeder Beziehung sinnvoll sein soll<a href=\"http:\/\/www.miag.ch\/freitagsclub\/blogbeitraege2\/032sinnenergiewende.html\">&#8230;.(mehr)<\/a><\/p>\n","protected":false},"excerpt":{"rendered":"<p>Leserbrief an die BaZ : Gegen Natur und Umwelt gerichtet und mit immensem wirtschaftlichem Schadenspotential Der aufschlussreiche Artikel \u2018In der Traumfabrik\u2018 zeigt allen aufmerksamen Leserinnen und Lesern klar: Die bundesr\u00e4tliche Botschaft zur bevorstehenden Debatte im Nationalrat \u00fcber die Energiestrategie 2050 ist prim\u00e4r Ausfluss eines ideologischen Sektierertums, der Ignoranz und Profitgier. Das sind schlechteste Voraussetzungen f\u00fcr [&hellip;]<\/p>\n","protected":false},"author":11,"featured_media":0,"comment_status":"open","ping_status":"closed","sticky":false,"template":"","format":"standard","meta":{"footnotes":""},"categories":[62],"tags":[8,15,11,7,12],"class_list":["post-430","post","type-post","status-publish","format-standard","hentry","category-energiepolitik","tag-atomausstieg","tag-energiediskussion","tag-energiepolitik","tag-energiewende","tag-windturbinen"],"_links":{"self":[{"href":"https:\/\/www.miag.ch\/blogfreitagsclub\/index.php?rest_route=\/wp\/v2\/posts\/430","targetHints":{"allow":["GET"]}}],"collection":[{"href":"https:\/\/www.miag.ch\/blogfreitagsclub\/index.php?rest_route=\/wp\/v2\/posts"}],"about":[{"href":"https:\/\/www.miag.ch\/blogfreitagsclub\/index.php?rest_route=\/wp\/v2\/types\/post"}],"author":[{"embeddable":true,"href":"https:\/\/www.miag.ch\/blogfreitagsclub\/index.php?rest_route=\/wp\/v2\/users\/11"}],"replies":[{"embeddable":true,"href":"https:\/\/www.miag.ch\/blogfreitagsclub\/index.php?rest_route=%2Fwp%2Fv2%2Fcomments&post=430"}],"version-history":[{"count":6,"href":"https:\/\/www.miag.ch\/blogfreitagsclub\/index.php?rest_route=\/wp\/v2\/posts\/430\/revisions"}],"predecessor-version":[{"id":566,"href":"https:\/\/www.miag.ch\/blogfreitagsclub\/index.php?rest_route=\/wp\/v2\/posts\/430\/revisions\/566"}],"wp:attachment":[{"href":"https:\/\/www.miag.ch\/blogfreitagsclub\/index.php?rest_route=%2Fwp%2Fv2%2Fmedia&parent=430"}],"wp:term":[{"taxonomy":"category","embeddable":true,"href":"https:\/\/www.miag.ch\/blogfreitagsclub\/index.php?rest_route=%2Fwp%2Fv2%2Fcategories&post=430"},{"taxonomy":"post_tag","embeddable":true,"href":"https:\/\/www.miag.ch\/blogfreitagsclub\/index.php?rest_route=%2Fwp%2Fv2%2Ftags&post=430"}],"curies":[{"name":"wp","href":"https:\/\/api.w.org\/{rel}","templated":true}]}}