{"id":1379,"date":"2025-10-29T20:23:52","date_gmt":"2025-10-29T19:23:52","guid":{"rendered":"https:\/\/www.miag.ch\/blogfreitagsclub\/?p=1379"},"modified":"2025-10-29T20:47:06","modified_gmt":"2025-10-29T19:47:06","slug":"analyse-energiewende-und-klimawende","status":"publish","type":"post","link":"https:\/\/www.miag.ch\/blogfreitagsclub\/?p=1379","title":{"rendered":"Analyse Energiewende und Klimawende"},"content":{"rendered":"<p><span style=\"color: #170000; font-size: 14px;\">Seit 11. M\u00e4rz 2011 (Fukushima) befassen wir uns mit der Energiefrage. Wir lesen alle uns zugehenden Informationen zum Thema. Und verarbeiten diese.<\/span><\/p>\n<p><span style=\"color: #170000; font-size: 14px;\">Die Analyse &#8218;Energiewende und Klimawende&#8216; haben wir erstmals am 10. Dezember 2018 im Blog publiziert. Wir erachten dieses Problem als schicksalhaft f\u00fcr unsere Erde, ja f\u00fcr die gesamte Menschheit. Nachdem die COVID-19 Pandemie ihrem Ende entgegengeht, setzen wir dieses Jahrhundertproblem wieder an die Spitze unserer Beitr\u00e4ge.<\/span><\/p>\n<p><span style=\"color: #170000; font-size: 14px;\">Das Problem der Energiewende und der Klimawende ist \u00e4usserst komplex. Es ist schwer den Durchblick zu erreichen, die Zusammenh\u00e4nge zu begreifen. Was ist real, logisch? Was ist emotional, utopisch? Wo stecken blosse kommerzielle Interessen dahinter?<\/span><\/p>\n<p><span style=\"color: #170000; font-size: 14px;\">In einer Analyse, knapp, ja abstrakt, versuchen wir den \u00dcberblick zu bekommen.<\/span><\/p>\n<p><span style=\"color: #170000; font-size: 14px;\">Als sehr wichtig haben wir erkannt, dass da eigentlich zwei Problemstellungen vorliegen: einerseits die Energiewende und andererseits die Klimawende. Sie haben unterschiedliche Ziele und verlangen unterschiedliche Massnahmen, die sich \u00fcberlagern, aber auch widersprechen k\u00f6nnen.<\/span><\/p>\n<p><span style=\"color: #170000; font-size: 14px;\">Wir haben die Analyse hier im Blog in einer ersten Fassung abgespeichert. Wir arbeiten daran. Neue Erkenntnisse nehmen wir auf. Sie werden in der Analyse laufend nachgef\u00fchrt.<\/span><\/p>\n<p><a href=\"http:\/\/www.miag.ch\/freitagsclub\/blogbeitraege6\/070.01analyse_energiewende-klimawende.pdf\">Rufen Sie die Analyse auf.<\/a><\/p>\n<p><span style=\"color: #170000; font-size: 14px;\">F\u00fcr eine Besprechung haben wir Internet-Adressen zu Energiewende und Klimawende zusammengestellt.<\/span><\/p>\n<p><a href=\"http:\/\/www.miag.ch\/freitagsclub\/blogbeitraege6\/070.02internetadressen_energiewende-klimawende.pdf\">Rufen Sie sie auf.<\/a><\/p>\n<p><span style=\"color: #170000; font-size: 14px;\">22.6.2021<br \/>Nach der Abstimmung zum neuen CO2-Gesetz halten wir inne. Wir \u00fcberpr\u00fcfen die Situation, und \u00fcberpr\u00fcfen auch unsere Methode zur Aufzeigung der L\u00f6sungswege.<\/span><\/p>\n<p><a href=\"http:\/\/www.miag.ch\/freitagsclub\/blogbeitrag10\/10.10klarstellung.pdf\">Rufen Sie die Klarstellung auf.<\/a>\n<\/p>\n<p><span style=\"color: #170000; font-size: 14px;\">2.3.2024<br \/>Ja, was schreibt da G\u00fcnther Roth, ein deutscher Professor f\u00fcr Sozialpolitik. Rufen Sie auf<\/span><\/p>\n<p><a href=\"http:\/\/www.miag.ch\/freitagsclub\/blogbeitrag21\/21.06fabrizierter_klimakonsens.pdf\">Fabrizierter Klimakonsens.<\/a>\n<\/p><p><span style=\"color: #170000; font-size: 14px;\">Schluss daraus:<br \/>Wir analysieren weiterhin die zum Zwecke einer weltweiten Klimawende getroffenen und geplanten Massnahmen und beurteilen diese nach ihrer Realisierbarkeit und ihren Auswirkungen auf Mensch und Umwelt.<\/span><\/p>\n\n<p><span style=\"color: #170000; font-size: 14px;\">Ka E.<\/span><\/p>\n\n\n<p><\/p>\n","protected":false},"excerpt":{"rendered":"<p>Seit 11. M\u00e4rz 2011 (Fukushima) befassen wir uns mit der Energiefrage. Wir lesen alle uns zugehenden Informationen zum Thema. Und verarbeiten diese. Die Analyse &#8218;Energiewende und Klimawende&#8216; haben wir erstmals am 10. Dezember 2018 im Blog publiziert. Wir erachten dieses Problem als schicksalhaft f\u00fcr unsere Erde, ja f\u00fcr die gesamte Menschheit. Nachdem die COVID-19 Pandemie [&hellip;]<\/p>\n","protected":false},"author":2,"featured_media":0,"comment_status":"closed","ping_status":"closed","sticky":false,"template":"","format":"standard","meta":{"footnotes":""},"categories":[62],"tags":[11,73,12],"class_list":["post-1379","post","type-post","status-publish","format-standard","hentry","category-energiepolitik","tag-energiepolitik","tag-solaranlagen","tag-windturbinen"],"_links":{"self":[{"href":"https:\/\/www.miag.ch\/blogfreitagsclub\/index.php?rest_route=\/wp\/v2\/posts\/1379","targetHints":{"allow":["GET"]}}],"collection":[{"href":"https:\/\/www.miag.ch\/blogfreitagsclub\/index.php?rest_route=\/wp\/v2\/posts"}],"about":[{"href":"https:\/\/www.miag.ch\/blogfreitagsclub\/index.php?rest_route=\/wp\/v2\/types\/post"}],"author":[{"embeddable":true,"href":"https:\/\/www.miag.ch\/blogfreitagsclub\/index.php?rest_route=\/wp\/v2\/users\/2"}],"replies":[{"embeddable":true,"href":"https:\/\/www.miag.ch\/blogfreitagsclub\/index.php?rest_route=%2Fwp%2Fv2%2Fcomments&post=1379"}],"version-history":[{"count":2,"href":"https:\/\/www.miag.ch\/blogfreitagsclub\/index.php?rest_route=\/wp\/v2\/posts\/1379\/revisions"}],"predecessor-version":[{"id":1381,"href":"https:\/\/www.miag.ch\/blogfreitagsclub\/index.php?rest_route=\/wp\/v2\/posts\/1379\/revisions\/1381"}],"wp:attachment":[{"href":"https:\/\/www.miag.ch\/blogfreitagsclub\/index.php?rest_route=%2Fwp%2Fv2%2Fmedia&parent=1379"}],"wp:term":[{"taxonomy":"category","embeddable":true,"href":"https:\/\/www.miag.ch\/blogfreitagsclub\/index.php?rest_route=%2Fwp%2Fv2%2Fcategories&post=1379"},{"taxonomy":"post_tag","embeddable":true,"href":"https:\/\/www.miag.ch\/blogfreitagsclub\/index.php?rest_route=%2Fwp%2Fv2%2Ftags&post=1379"}],"curies":[{"name":"wp","href":"https:\/\/api.w.org\/{rel}","templated":true}]}}